{"id":843,"date":"2022-09-24T23:25:31","date_gmt":"2022-09-24T21:25:31","guid":{"rendered":"https:\/\/destille-duesseldorf.podcaster.de\/?p=843"},"modified":"2023-03-30T13:21:09","modified_gmt":"2023-03-30T11:21:09","slug":"maike-kuehl-bei-kultur-in-der-destille","status":"publish","type":"post","link":"https:\/\/destille-duesseldorf.podcaster.de\/index.php\/maike-kuehl-bei-kultur-in-der-destille\/","title":{"rendered":"Maike K\u00fchl- bei Kultur in der Destille!"},"content":{"rendered":"\n<h2 class=\"wp-block-heading has-white-color has-text-color\">t<\/h2>\n\n\n\n<h1 class=\"wp-block-heading has-text-color has-background\" style=\"color:#2a5e20;background-color:#e3e3e3;font-size:30px\">Zu Gast in der zw\u00f6lften Episode unseres Podcasts: <a rel=\"noreferrer noopener\" href=\"http:\/\/maikekuehl.de\/\" target=\"_blank\">MAIKE K\u00dcHL<\/a><\/h1>\n\n\n\n<p><\/p>\n\n\n\n<p><\/p>\n\n\n\n<hr class=\"wp-block-separator has-text-color has-medium-gray-color has-css-opacity has-medium-gray-background-color has-background is-style-wide\" \/>\n\n\n\n<div class=\"wp-block-media-text alignwide is-stacked-on-mobile is-vertically-aligned-center is-image-fill has-dark-gray-background-color has-text-color has-background\" style=\"color:#4fa4b0;grid-template-columns:56% auto\"><figure class=\"wp-block-media-text__media\" style=\"background-image:url(https:\/\/destille-duesseldorf.podcaster.de\/files\/2022\/09\/Maike-Kuehl-1-400x284-1.jpg);background-position:50% 50%\"><img data-recalc-dims=\"1\" loading=\"lazy\" decoding=\"async\" width=\"400\" height=\"284\" data-attachment-id=\"844\" data-permalink=\"https:\/\/destille-duesseldorf.podcaster.de\/index.php\/maike-kuehl-bei-kultur-in-der-destille\/maike-kuehl-1-400x284-1\/\" data-orig-file=\"https:\/\/i0.wp.com\/destille-duesseldorf.podcaster.de\/files\/2022\/09\/Maike-Kuehl-1-400x284-1.jpg?fit=400%2C284&amp;ssl=1\" data-orig-size=\"400,284\" data-comments-opened=\"1\" data-image-meta=\"{&quot;aperture&quot;:&quot;0&quot;,&quot;credit&quot;:&quot;&quot;,&quot;camera&quot;:&quot;&quot;,&quot;caption&quot;:&quot;&quot;,&quot;created_timestamp&quot;:&quot;0&quot;,&quot;copyright&quot;:&quot;&quot;,&quot;focal_length&quot;:&quot;0&quot;,&quot;iso&quot;:&quot;0&quot;,&quot;shutter_speed&quot;:&quot;0&quot;,&quot;title&quot;:&quot;&quot;,&quot;orientation&quot;:&quot;0&quot;}\" data-image-title=\"Maike-Kuehl-1-400&amp;#215;284-1\" data-image-description=\"\" data-image-caption=\"\" data-large-file=\"https:\/\/i0.wp.com\/destille-duesseldorf.podcaster.de\/files\/2022\/09\/Maike-Kuehl-1-400x284-1.jpg?fit=400%2C284&amp;ssl=1\" src=\"https:\/\/i0.wp.com\/destille-duesseldorf.podcaster.de\/files\/2022\/09\/Maike-Kuehl-1-400x284-1.jpg?resize=400%2C284&#038;ssl=1\" alt=\"\" class=\"wp-image-844 size-medium\" srcset=\"https:\/\/i0.wp.com\/destille-duesseldorf.podcaster.de\/files\/2022\/09\/Maike-Kuehl-1-400x284-1.jpg?w=400&amp;ssl=1 400w, https:\/\/i0.wp.com\/destille-duesseldorf.podcaster.de\/files\/2022\/09\/Maike-Kuehl-1-400x284-1.jpg?resize=300%2C213&amp;ssl=1 300w\" sizes=\"auto, (max-width: 400px) 100vw, 400px\" \/><\/figure><div class=\"wp-block-media-text__content\">\n<p class=\"has-text-color\" style=\"color:#229588;font-size:25px;font-style:normal;font-weight:800\">Schauspielerin, Kabarettistin, Journalistin a.D.<\/p>\n<\/div><\/div>\n\n\n\n<div style=\"height:38px\" aria-hidden=\"true\" class=\"wp-block-spacer\"><\/div>\n\n\n\n<p class=\"has-drop-cap has-text-color has-medium-font-size\" style=\"color:#2a5e20;font-style:normal;font-weight:700\"><strong>\u201ethe one and only WOMANPOWER\u201c in the <em><a href=\"https:\/\/www.kommoedchen.de\/\" target=\"_blank\" rel=\"noreferrer noopener\">D\u00fcsseldorfer Kom(m)\u00f6dchen<\/a><\/em> ist nicht mehr wegzudenken aus einem der wohl prominentesten Theater dieses Genres am Kay-und-Lore-Lorentz-Platz in D\u00fcsseldorf.<\/strong><\/p>\n\n\n\n<p class=\"has-text-color has-medium-font-size\" style=\"color:#2a5e20;font-style:normal;font-weight:700\"><strong>Eine wahrhaft gute Wahl, die der Sohn der ber\u00fchmten Namensgeber des Platzes und 1947 Gr\u00fcnder des Kabaretts, ebenfalls Kay genannt, mit dieser \u201eDamen\u201c-Besetzung getroffen hat.<\/strong><\/p>\n\n\n\n<div style=\"height:52px\" aria-hidden=\"true\" class=\"wp-block-spacer\"><\/div>\n\n\n\n<hr class=\"wp-block-separator has-text-color has-alpha-channel-opacity has-background is-style-wide\" style=\"background-color:#277185;color:#277185\" \/>\n\n\n\n<hr class=\"wp-block-separator has-text-color has-alpha-channel-opacity has-background is-style-wide\" style=\"background-color:#277185;color:#277185\" \/>\n\n\n\n<div class=\"wp-block-group\"><div class=\"wp-block-group__inner-container is-layout-flow wp-block-group-is-layout-flow\">\t\t\t<style type=\"text\/css\">#pp-podcast-3649, .modal-3649, .aux-modal-3649 { --pp-light-bg-color: #c4c4c4; --pp-buffered-color: #b8b8b8; } #pp-podcast-3649 a, .pp-modal-window .modal-3649 a, .pp-modal-window .aux-modal-3649 a, #pp-podcast-3649 .ppjs__more { color: #0071a1; } #pp-podcast-3649:not(.modern) .ppjs__audio .ppjs__button.ppjs__playpause-button button *, #pp-podcast-3649:not(.modern) .ppjs__audio .ppjs__button.ppjs__playpause-button button:hover *, #pp-podcast-3649:not(.modern) .ppjs__audio .ppjs__button.ppjs__playpause-button button:focus *, .pp-modal-window .modal-3649 .ppjs__audio .ppjs__button.ppjs__playpause-button button *, .pp-modal-window .modal-3649 .ppjs__audio .ppjs__button.ppjs__playpause-button button:hover *, .pp-modal-window .modal-3649 .ppjs__audio .ppjs__button.ppjs__playpause-button button:focus *, .pp-modal-window .aux-modal-3649 .pod-entry__play *, .pp-modal-window .aux-modal-3649 .pod-entry__play:hover * { color: #0071a1 !important; } #pp-podcast-3649.postview .episode-list__load-more, .pp-modal-window .aux-modal-3649 .episode-list__load-more, #pp-podcast-3649:not(.modern) .ppjs__time-handle-content, .modal-3649 .ppjs__time-handle-content { border-color: #0071a1 !important; } #pp-podcast-3649:not(.modern) .ppjs__audio-time-rail, #pp-podcast-3649.lv3 .pod-entry__play, #pp-podcast-3649.lv4 .pod-entry__play, #pp-podcast-3649.gv2 .pod-entry__play, #pp-podcast-3649.modern.wide-player .ppjs__audio .ppjs__button.ppjs__playpause-button button, #pp-podcast-3649.modern.wide-player .ppjs__audio .ppjs__button.ppjs__playpause-button button:hover, #pp-podcast-3649.modern.wide-player .ppjs__audio .ppjs__button.ppjs__playpause-button button:focus, .pp-modal-window .modal-3649 button.episode-list__load-more, .pp-modal-window .modal-3649 .ppjs__audio-time-rail, .pp-modal-window .modal-3649 button.pp-modal-close { background-color: #0071a1 !important; } #pp-podcast-3649 .hasCover .ppjs__audio .ppjs__button.ppjs__playpause-button button { background-color: rgba(0, 0, 0, 0.5) !important; } .pp-modal-window .modal-3649 button.episode-list__load-more:hover, .pp-modal-window .modal-3649 button.episode-list__load-more:focus, .pp-modal-window .aux-modal-3649 button.episode-list__load-more:hover, .pp-modal-window .aux-modal-3649 button.episode-list__load-more:focus { background-color: rgba( 0,113,161, 0.7 ) !important; } #pp-podcast-3649 .ppjs__button.toggled-on, .pp-modal-window .modal-3649 .ppjs__button.toggled-on, #pp-podcast-3649.playerview .pod-entry.activeEpisode, .pp-modal-window .modal-3649.playerview .pod-entry.activeEpisode { background-color: rgba( 0,113,161, 0.1 ); } #pp-podcast-3649.postview .episode-list__load-more { background-color: transparent !important; } #pp-podcast-3649.modern:not(.wide-player) .ppjs__audio .ppjs__button.ppjs__playpause-button button *, #pp-podcast-3649.modern:not(.wide-player) .ppjs__audio .ppjs__button.ppjs__playpause-button button:hover *, #pp-podcast-3649.modern:not(.wide-player) .ppjs__audio .ppjs__button.ppjs__playpause-button button:focus * { color: #0071a1 !important; } #pp-podcast-3649.modern:not(.wide-player) .ppjs__time-handle-content { border-color: #0071a1 !important; } #pp-podcast-3649.modern:not(.wide-player) .ppjs__audio-time-rail { background-color: #0071a1 !important; } #pp-podcast-3649, .modal-3649, .aux-modal-3649 { --pp-accent-color: #0071a1; } #pp-podcast-3649 .ppjs__script-button { display: none; } #pp-podcast-3649.playerview, #pp-podcast-3649.playerview .episode-single, #pp-podcast-3649.lv4 .pod-entry, .inline-view .modal-3649, .inline-view .aux-modal-3649 { background-color: #f5f5f5!important; } #pp-podcast-3649.playerview .pp-player__amsg { background-color: rgba( 245,245,245, 0.95 )!important; } #pp-podcast-3649, #pp-podcast-3649 input, #pp-podcast-3649 .episode-list__load-more, .modal-3649, .pp-modal-window .aux-modal-3649, .pp-modal-window .aux-modal-3649 input, .pp-modal-window .aux-modal-3649 .episode-list__load-more { font-family: \"Poppins\",-apple-system,BlinkMacSystemFont,Segoe UI,Helvetica,Arial,sans-serif,Apple Color Emoji,Segoe UI Emoji,Segoe UI Symbol !important; }<\/style>\n\t\t\t<div id=\"pp-podcast-3649\" class=\"pp-podcast single-episode no-header header-hidden has-featured modern special-style playerview list-default media-audio hide-content squr centercrop\"  data-teaser=\"\" data-elength=\"0\" data-eunit=\"\" data-ppsdata=\"{&quot;ppe-3649-1&quot;:{&quot;title&quot;:&quot;#012 &#8211; Maike K\\u00fchl bei Kultur in der Destille&quot;,&quot;author&quot;:&quot;Kultur in der Destille&quot;,&quot;date&quot;:&quot;24. September 2022&quot;,&quot;link&quot;:&quot;https:\\\/\\\/destille-duesseldorf.podcaster.de\\\/kultur-in-der-destille\\\/media\\\/-012-_Maike_Kuehl_bei_Kultur_in_der_Destille.mp3&quot;,&quot;src&quot;:&quot;https:\\\/\\\/destille-duesseldorf.podcaster.de\\\/kultur-in-der-destille\\\/media\\\/-012-_Maike_Kuehl_bei_Kultur_in_der_Destille.mp3&quot;,&quot;featured&quot;:&quot;https:\\\/\\\/i0.wp.com\\\/destille-duesseldorf.podcaster.de\\\/files\\\/2025\\\/02\\\/Der-Podcast-2000-LOGO41.jpg?fit=474%2C474&#038;ssl=1&quot;,&quot;featured_id&quot;:1301,&quot;mediatype&quot;:&quot;audio&quot;,&quot;season&quot;:0,&quot;categories&quot;:[],&quot;duration&quot;:&quot;48:11&quot;,&quot;episodetype&quot;:&quot;full&quot;,&quot;timestamp&quot;:1664029738,&quot;key&quot;:&quot;38d07eaee310163def7a419ebbb74772&quot;,&quot;fset&quot;:&quot;https:\\\/\\\/i0.wp.com\\\/destille-duesseldorf.podcaster.de\\\/files\\\/2025\\\/02\\\/Der-Podcast-2000-LOGO41.jpg?w=2000&amp;ssl=1 2000w, https:\\\/\\\/i0.wp.com\\\/destille-duesseldorf.podcaster.de\\\/files\\\/2025\\\/02\\\/Der-Podcast-2000-LOGO41.jpg?resize=300%2C300&amp;ssl=1 300w, https:\\\/\\\/i0.wp.com\\\/destille-duesseldorf.podcaster.de\\\/files\\\/2025\\\/02\\\/Der-Podcast-2000-LOGO41.jpg?resize=1024%2C1024&amp;ssl=1 1024w, https:\\\/\\\/i0.wp.com\\\/destille-duesseldorf.podcaster.de\\\/files\\\/2025\\\/02\\\/Der-Podcast-2000-LOGO41.jpg?resize=150%2C150&amp;ssl=1 150w, https:\\\/\\\/i0.wp.com\\\/destille-duesseldorf.podcaster.de\\\/files\\\/2025\\\/02\\\/Der-Podcast-2000-LOGO41.jpg?resize=768%2C768&amp;ssl=1 768w, https:\\\/\\\/i0.wp.com\\\/destille-duesseldorf.podcaster.de\\\/files\\\/2025\\\/02\\\/Der-Podcast-2000-LOGO41.jpg?resize=1536%2C1536&amp;ssl=1 1536w, https:\\\/\\\/i0.wp.com\\\/destille-duesseldorf.podcaster.de\\\/files\\\/2025\\\/02\\\/Der-Podcast-2000-LOGO41.jpg?w=948 948w, https:\\\/\\\/i0.wp.com\\\/destille-duesseldorf.podcaster.de\\\/files\\\/2025\\\/02\\\/Der-Podcast-2000-LOGO41.jpg?w=1422 1422w&quot;,&quot;fratio&quot;:1},&quot;load_info&quot;:{&quot;loaded&quot;:1,&quot;displayed&quot;:1,&quot;offset&quot;:0,&quot;maxItems&quot;:1,&quot;src&quot;:&quot;0b19e0a42a847289051db8b01ca77c21&quot;,&quot;step&quot;:1,&quot;sortby&quot;:&quot;sort_date_desc&quot;,&quot;filterby&quot;:&quot;&quot;,&quot;fixed&quot;:&quot;&quot;,&quot;args&quot;:{&quot;imgurl&quot;:&quot;https:\\\/\\\/destille-duesseldorf.podcaster.de\\\/kultur-in-der-destille\\\/logos\\\/Der-Podcast-2000-LOGO4.jpg&quot;,&quot;imgset&quot;:&quot;&quot;,&quot;display&quot;:&quot;modern&quot;,&quot;hddesc&quot;:1,&quot;hdfeat&quot;:0,&quot;oricov&quot;:&quot;https:\\\/\\\/destille-duesseldorf.podcaster.de\\\/kultur-in-der-destille\\\/logos\\\/Der-Podcast-2000-LOGO4.jpg&quot;,&quot;elength&quot;:0,&quot;episodes&quot;:&quot;&quot;,&quot;slist&quot;:[0],&quot;elist&quot;:[&quot;38d07eaee310163def7a419ebbb74772&quot;],&quot;catlist&quot;:[&quot;&quot;],&quot;gridcol&quot;:3}},&quot;rdata&quot;:{&quot;permalink&quot;:&quot;https:\\\/\\\/destille-duesseldorf.podcaster.de\\\/index.php\\\/wp-json\\\/wp\\\/v2\\\/posts\\\/843&quot;,&quot;fprint&quot;:&quot;0b19e0a42a847289051db8b01ca77c21&quot;,&quot;from&quot;:&quot;feedurl&quot;,&quot;elen&quot;:0,&quot;eunit&quot;:&quot;&quot;,&quot;teaser&quot;:&quot;&quot;,&quot;title&quot;:&quot;Kultur in der Destille&quot;,&quot;autoplay&quot;:&quot;&quot;}}\"><div class=\"pp-podcast__wrapper\"><div class=\"pp-podcast__content pod-content\"><div class=\"pp-podcast__single\"><div class=\"pp-podcast__player\"><div class=\"pp-player-episode\"><audio id=\"pp-podcast-3649-player\" preload=\"none\" class=\"pp-podcast-episode\" style=\"width: 100%;\" controls=\"controls\"><source type=\"audio\/mpeg\" src=\"https:\/\/destille-duesseldorf.podcaster.de\/kultur-in-der-destille\/media\/-012-_Maike_Kuehl_bei_Kultur_in_der_Destille.mp3\" \/><\/audio><\/div><\/div><div class=\"pod-content__episode episode-single\"><button class=\"episode-single__close\" aria-expanded=\"false\" aria-label=\"Close Single Episode\"><span class=\"btn-icon-wrap\"><svg class=\"icon icon-pp-x\" aria-hidden=\"true\" role=\"img\" focusable=\"false\"><use href=\"#icon-pp-x\" xlink:href=\"#icon-pp-x\"><\/use><\/svg><\/span><\/button><div class=\"episode-single__wrapper\"><div class=\"episode-single__header\"><div class=\"episode-single__title\">#012 &#8211; Maike K\u00fchl bei Kultur in der Destille<\/div><div class=\"episode-single__author\"><span class=\"byname\">by<\/span><span class=\"single-author\">Kultur in der Destille<\/span><\/div><\/div><\/div><div class=\"ppjs__img-wrapper \"><div class=\"ppjs__img-btn-cover\"><img decoding=\"async\" class=\"ppjs__img-btn\" src=\"https:\/\/i0.wp.com\/destille-duesseldorf.podcaster.de\/files\/2025\/02\/Der-Podcast-2000-LOGO41.jpg?fit=474%2C474&#038;ssl=1\" srcset=\"https:\/\/i0.wp.com\/destille-duesseldorf.podcaster.de\/files\/2025\/02\/Der-Podcast-2000-LOGO41.jpg?w=2000&amp;ssl=1 2000w, https:\/\/i0.wp.com\/destille-duesseldorf.podcaster.de\/files\/2025\/02\/Der-Podcast-2000-LOGO41.jpg?resize=300%2C300&amp;ssl=1 300w, https:\/\/i0.wp.com\/destille-duesseldorf.podcaster.de\/files\/2025\/02\/Der-Podcast-2000-LOGO41.jpg?resize=1024%2C1024&amp;ssl=1 1024w, https:\/\/i0.wp.com\/destille-duesseldorf.podcaster.de\/files\/2025\/02\/Der-Podcast-2000-LOGO41.jpg?resize=150%2C150&amp;ssl=1 150w, https:\/\/i0.wp.com\/destille-duesseldorf.podcaster.de\/files\/2025\/02\/Der-Podcast-2000-LOGO41.jpg?resize=768%2C768&amp;ssl=1 768w, https:\/\/i0.wp.com\/destille-duesseldorf.podcaster.de\/files\/2025\/02\/Der-Podcast-2000-LOGO41.jpg?resize=1536%2C1536&amp;ssl=1 1536w, https:\/\/i0.wp.com\/destille-duesseldorf.podcaster.de\/files\/2025\/02\/Der-Podcast-2000-LOGO41.jpg?w=948 948w, https:\/\/i0.wp.com\/destille-duesseldorf.podcaster.de\/files\/2025\/02\/Der-Podcast-2000-LOGO41.jpg?w=1422 1422w\" sizes=\"(max-width: 640px) 100vw, 300px\" alt=\"#012 &#8211; Maike K\u00fchl bei Kultur in der Destille\"><\/div><div><span class=\"ppjs__img-btn-style\" style=\"display: block; width: 100%; padding-top: 100%\"><\/div><\/div><\/div><\/div><\/div><\/div><\/div><\/div><\/div>\n\n\n\n<p class=\"has-medium-font-size\"><a href=\"https:\/\/7sozwz.podcaster.de\/download\/-010_-_Martin_Maier-Bode_bei_Kultur_in_der_Destille.mp3?source=embed\" data-type=\"URL\" target=\"_blank\" rel=\"noreferrer noopener\">Episode herunterladen<\/a><\/p>\n\n\n\n<hr class=\"wp-block-separator has-text-color has-alpha-channel-opacity has-background is-style-wide\" style=\"background-color:#277185;color:#277185\" \/>\n\n\n\n<hr class=\"wp-block-separator has-text-color has-alpha-channel-opacity has-background is-style-wide\" style=\"background-color:#277185;color:#277185\" \/>\n\n\n\n<div style=\"height:18px\" aria-hidden=\"true\" class=\"wp-block-spacer\"><\/div>\n\n\n\n<h3 class=\"wp-block-heading has-text-color\" style=\"color:#2a5e20;font-size:25px\"><span style=\"text-decoration: underline\"><span style=\"color:#0071a1\" class=\"has-inline-color\">In unserem Interview unterhalten wir uns \u00fcber Themen wie &#8230; <\/span><\/span><\/h3>\n\n\n\n<div class=\"wp-block-group\"><div class=\"wp-block-group__inner-container is-layout-flow wp-block-group-is-layout-flow\">\n<ul class=\"has-light-gray-background-color has-text-color has-background has-medium-font-size wp-block-list\" style=\"color:#2a5e20;font-style:italic;font-weight:700;text-transform:uppercase\">\n<li>Die M\u00fcnchenerin in D\u00fcsseldorf und die Liebe zu den Bergen&#8230;<\/li>\n\n\n\n<li>Frauen im Kabarett&#8230;<\/li>\n\n\n\n<li>Gibt es Grenzen des Humors?&#8230;<\/li>\n\n\n\n<li>Das Ensemble, die Liebe zum Publikum und vice versa&#8230;<\/li>\n\n\n\n<li>Karriere, Familie und Management&#8230;<\/li>\n\n\n\n<li>Die Krise der Theater&#8230;<\/li>\n\n\n\n<li>Das Kom(m)\u00f6dchen und die Arschlochfreie zone&#8230;<\/li>\n<\/ul>\n<\/div><\/div>\n\n\n\n<div style=\"height:1px\" aria-hidden=\"true\" class=\"wp-block-spacer\"><\/div>\n\n\n\n<div style=\"height:13px\" aria-hidden=\"true\" class=\"wp-block-spacer\"><\/div>\n\n\n\n<hr class=\"wp-block-separator has-text-color has-css-opacity has-background is-style-wide\" style=\"background-color:#354788;color:#354788\" \/>\n\n\n\n<hr class=\"wp-block-separator has-text-color has-css-opacity has-background is-style-wide\" style=\"background-color:#354788;color:#354788\" \/>\n\n\n\n<div class=\"wp-block-group\"><div class=\"wp-block-group__inner-container is-layout-flow wp-block-group-is-layout-flow\">\n<div class=\"wp-block-group\"><div class=\"wp-block-group__inner-container is-layout-flow wp-block-group-is-layout-flow\">\n<p class=\"has-medium-gray-color has-text-color has-medium-font-size\" style=\"font-style:normal;font-weight:600\">Ob<strong>&nbsp;\u201e<\/strong><em><strong>Couch<\/strong><\/em><strong>\u201c<\/strong>, \u201e<em>Sushi<\/em>\u201c, \u201e<em>Freaks<\/em>\u201c \u201e<em>Deutschland gucken<\/em>\u201c \u201e<em>Irgendwas mit Menschen<\/em>!\u201c \u201e<em>Crash<\/em>\u201c, \u201e<em>Quickies<\/em>\u201c und nicht zuletzt \u201e<em>Bulli<\/em>, <em>ein Sommerm\u00e4rchen<\/em>\u201c; das Haus ist voll und Maike K\u00fchl vorne mit dabei. Im Fernsehen ist sie gerngesehener Gast in der \u201e<em>Anstalt<\/em>\u201c, den \u201e<em>Mitternachtsspitzen<\/em>\u201c, und war festes Ensemblemitglied in \u201e<em>3. Stock&nbsp;links \u2013 Die Kabarett-WG<\/em>&#8222;<\/p>\n<\/div><\/div>\n\n\n\n<div style=\"height:42px\" aria-hidden=\"true\" class=\"wp-block-spacer\"><\/div>\n\n\n\n<div style=\"background-color:#495c58\" class=\"wp-block-jetpack-tiled-gallery is-style-rectangular has-background has-rounded-corners-20\"><div class=\"tiled-gallery__gallery\"><div class=\"tiled-gallery__row\"><div class=\"tiled-gallery__col\" style=\"flex-basis:46.75434%\"><figure class=\"tiled-gallery__item filter__clarendon\"><img decoding=\"async\" data-attachment-id=\"849\" data-permalink=\"https:\/\/destille-duesseldorf.podcaster.de\/index.php\/maike-kuehl-bei-kultur-in-der-destille\/index\/\" data-orig-file=\"https:\/\/i0.wp.com\/destille-duesseldorf.podcaster.de\/files\/2022\/09\/index.jpg?fit=300%2C168&amp;ssl=1\" data-orig-size=\"300,168\" data-comments-opened=\"1\" data-image-meta=\"{&quot;aperture&quot;:&quot;0&quot;,&quot;credit&quot;:&quot;&quot;,&quot;camera&quot;:&quot;&quot;,&quot;caption&quot;:&quot;&quot;,&quot;created_timestamp&quot;:&quot;0&quot;,&quot;copyright&quot;:&quot;&quot;,&quot;focal_length&quot;:&quot;0&quot;,&quot;iso&quot;:&quot;0&quot;,&quot;shutter_speed&quot;:&quot;0&quot;,&quot;title&quot;:&quot;&quot;,&quot;orientation&quot;:&quot;0&quot;}\" data-image-title=\"index\" data-image-description=\"\" data-image-caption=\"\" data-large-file=\"https:\/\/i0.wp.com\/destille-duesseldorf.podcaster.de\/files\/2022\/09\/index.jpg?fit=300%2C168&amp;ssl=1\" data-attachment-id=\"849\" data-permalink=\"https:\/\/destille-duesseldorf.podcaster.de\/index.php\/maike-kuehl-bei-kultur-in-der-destille\/index\/\" data-orig-file=\"https:\/\/i0.wp.com\/destille-duesseldorf.podcaster.de\/files\/2022\/09\/index.jpg?fit=300%2C168&amp;ssl=1\" data-orig-size=\"300,168\" data-comments-opened=\"1\" data-image-meta=\"{&quot;aperture&quot;:&quot;0&quot;,&quot;credit&quot;:&quot;&quot;,&quot;camera&quot;:&quot;&quot;,&quot;caption&quot;:&quot;&quot;,&quot;created_timestamp&quot;:&quot;0&quot;,&quot;copyright&quot;:&quot;&quot;,&quot;focal_length&quot;:&quot;0&quot;,&quot;iso&quot;:&quot;0&quot;,&quot;shutter_speed&quot;:&quot;0&quot;,&quot;title&quot;:&quot;&quot;,&quot;orientation&quot;:&quot;0&quot;}\" data-image-title=\"index\" data-image-description=\"\" data-image-caption=\"\" data-large-file=\"https:\/\/i0.wp.com\/destille-duesseldorf.podcaster.de\/files\/2022\/09\/index.jpg?fit=300%2C168&amp;ssl=1\" role=\"button\" tabindex=\"0\" aria-label=\"Bild\u00a01 von 7 im Vollbildmodus \u00f6ffnen\"srcset=\"https:\/\/i2.wp.com\/destille-duesseldorf.podcaster.de\/files\/2022\/09\/index.jpg?strip=info&#038;w=300 300w\" alt=\"\" data-height=\"168\" data-id=\"849\" data-link=\"https:\/\/destille-duesseldorf.podcaster.de\/?attachment_id=849\" data-url=\"http:\/\/destille-duesseldorf.podcaster.de\/files\/2022\/09\/index.jpg\" data-width=\"300\" src=\"https:\/\/i2.wp.com\/destille-duesseldorf.podcaster.de\/files\/2022\/09\/index.jpg\" data-amp-layout=\"responsive\" \/><\/figure><figure class=\"tiled-gallery__item filter__clarendon\"><img decoding=\"async\" data-attachment-id=\"848\" data-permalink=\"https:\/\/destille-duesseldorf.podcaster.de\/index.php\/maike-kuehl-bei-kultur-in-der-destille\/32496_l\/\" data-orig-file=\"https:\/\/i0.wp.com\/destille-duesseldorf.podcaster.de\/files\/2022\/09\/32496_L.jpg?fit=640%2C356&amp;ssl=1\" data-orig-size=\"640,356\" data-comments-opened=\"1\" data-image-meta=\"{&quot;aperture&quot;:&quot;0&quot;,&quot;credit&quot;:&quot;&quot;,&quot;camera&quot;:&quot;&quot;,&quot;caption&quot;:&quot;&quot;,&quot;created_timestamp&quot;:&quot;0&quot;,&quot;copyright&quot;:&quot;&quot;,&quot;focal_length&quot;:&quot;0&quot;,&quot;iso&quot;:&quot;0&quot;,&quot;shutter_speed&quot;:&quot;0&quot;,&quot;title&quot;:&quot;&quot;,&quot;orientation&quot;:&quot;0&quot;}\" data-image-title=\"32496_L\" data-image-description=\"\" data-image-caption=\"\" data-large-file=\"https:\/\/i0.wp.com\/destille-duesseldorf.podcaster.de\/files\/2022\/09\/32496_L.jpg?fit=474%2C264&amp;ssl=1\" data-attachment-id=\"848\" data-permalink=\"https:\/\/destille-duesseldorf.podcaster.de\/index.php\/maike-kuehl-bei-kultur-in-der-destille\/32496_l\/\" data-orig-file=\"https:\/\/i0.wp.com\/destille-duesseldorf.podcaster.de\/files\/2022\/09\/32496_L.jpg?fit=640%2C356&amp;ssl=1\" data-orig-size=\"640,356\" data-comments-opened=\"1\" data-image-meta=\"{&quot;aperture&quot;:&quot;0&quot;,&quot;credit&quot;:&quot;&quot;,&quot;camera&quot;:&quot;&quot;,&quot;caption&quot;:&quot;&quot;,&quot;created_timestamp&quot;:&quot;0&quot;,&quot;copyright&quot;:&quot;&quot;,&quot;focal_length&quot;:&quot;0&quot;,&quot;iso&quot;:&quot;0&quot;,&quot;shutter_speed&quot;:&quot;0&quot;,&quot;title&quot;:&quot;&quot;,&quot;orientation&quot;:&quot;0&quot;}\" data-image-title=\"32496_L\" data-image-description=\"\" data-image-caption=\"\" data-large-file=\"https:\/\/i0.wp.com\/destille-duesseldorf.podcaster.de\/files\/2022\/09\/32496_L.jpg?fit=474%2C264&amp;ssl=1\" role=\"button\" tabindex=\"0\" aria-label=\"Bild\u00a02 von 7 im Vollbildmodus \u00f6ffnen\"srcset=\"https:\/\/i1.wp.com\/destille-duesseldorf.podcaster.de\/files\/2022\/09\/32496_L.jpg?strip=info&#038;w=600 600w,https:\/\/i1.wp.com\/destille-duesseldorf.podcaster.de\/files\/2022\/09\/32496_L.jpg?strip=info&#038;w=640 640w\" alt=\"\" data-height=\"356\" data-id=\"848\" data-link=\"https:\/\/destille-duesseldorf.podcaster.de\/?attachment_id=848\" data-url=\"http:\/\/destille-duesseldorf.podcaster.de\/files\/2022\/09\/32496_L.jpg\" data-width=\"640\" src=\"https:\/\/i1.wp.com\/destille-duesseldorf.podcaster.de\/files\/2022\/09\/32496_L.jpg\" data-amp-layout=\"responsive\" \/><\/figure><figure class=\"tiled-gallery__item filter__clarendon\"><img decoding=\"async\" data-attachment-id=\"850\" data-permalink=\"https:\/\/destille-duesseldorf.podcaster.de\/index.php\/maike-kuehl-bei-kultur-in-der-destille\/index2\/\" data-orig-file=\"https:\/\/i0.wp.com\/destille-duesseldorf.podcaster.de\/files\/2022\/09\/index2.jpg?fit=300%2C168&amp;ssl=1\" data-orig-size=\"300,168\" data-comments-opened=\"1\" data-image-meta=\"{&quot;aperture&quot;:&quot;0&quot;,&quot;credit&quot;:&quot;&quot;,&quot;camera&quot;:&quot;&quot;,&quot;caption&quot;:&quot;&quot;,&quot;created_timestamp&quot;:&quot;0&quot;,&quot;copyright&quot;:&quot;&quot;,&quot;focal_length&quot;:&quot;0&quot;,&quot;iso&quot;:&quot;0&quot;,&quot;shutter_speed&quot;:&quot;0&quot;,&quot;title&quot;:&quot;&quot;,&quot;orientation&quot;:&quot;0&quot;}\" data-image-title=\"index2\" data-image-description=\"\" data-image-caption=\"\" data-large-file=\"https:\/\/i0.wp.com\/destille-duesseldorf.podcaster.de\/files\/2022\/09\/index2.jpg?fit=300%2C168&amp;ssl=1\" data-attachment-id=\"850\" data-permalink=\"https:\/\/destille-duesseldorf.podcaster.de\/index.php\/maike-kuehl-bei-kultur-in-der-destille\/index2\/\" data-orig-file=\"https:\/\/i0.wp.com\/destille-duesseldorf.podcaster.de\/files\/2022\/09\/index2.jpg?fit=300%2C168&amp;ssl=1\" data-orig-size=\"300,168\" data-comments-opened=\"1\" data-image-meta=\"{&quot;aperture&quot;:&quot;0&quot;,&quot;credit&quot;:&quot;&quot;,&quot;camera&quot;:&quot;&quot;,&quot;caption&quot;:&quot;&quot;,&quot;created_timestamp&quot;:&quot;0&quot;,&quot;copyright&quot;:&quot;&quot;,&quot;focal_length&quot;:&quot;0&quot;,&quot;iso&quot;:&quot;0&quot;,&quot;shutter_speed&quot;:&quot;0&quot;,&quot;title&quot;:&quot;&quot;,&quot;orientation&quot;:&quot;0&quot;}\" data-image-title=\"index2\" data-image-description=\"\" data-image-caption=\"\" data-large-file=\"https:\/\/i0.wp.com\/destille-duesseldorf.podcaster.de\/files\/2022\/09\/index2.jpg?fit=300%2C168&amp;ssl=1\" role=\"button\" tabindex=\"0\" aria-label=\"Bild\u00a03 von 7 im Vollbildmodus \u00f6ffnen\"srcset=\"https:\/\/i2.wp.com\/destille-duesseldorf.podcaster.de\/files\/2022\/09\/index2.jpg?strip=info&#038;w=300 300w\" alt=\"\" data-height=\"168\" data-id=\"850\" data-link=\"https:\/\/destille-duesseldorf.podcaster.de\/?attachment_id=850\" data-url=\"http:\/\/destille-duesseldorf.podcaster.de\/files\/2022\/09\/index2.jpg\" data-width=\"300\" src=\"https:\/\/i2.wp.com\/destille-duesseldorf.podcaster.de\/files\/2022\/09\/index2.jpg\" data-amp-layout=\"responsive\" \/><\/figure><\/div><div class=\"tiled-gallery__col\" style=\"flex-basis:53.24566%\"><figure class=\"tiled-gallery__item filter__clarendon\"><img decoding=\"async\" data-attachment-id=\"853\" data-permalink=\"https:\/\/destille-duesseldorf.podcaster.de\/index.php\/maike-kuehl-bei-kultur-in-der-destille\/kommoedchen-crash-1\/\" data-orig-file=\"https:\/\/i0.wp.com\/destille-duesseldorf.podcaster.de\/files\/2022\/09\/Kommoedchen-Crash.1..jpg?fit=1000%2C1500&amp;ssl=1\" data-orig-size=\"1000,1500\" data-comments-opened=\"1\" data-image-meta=\"{&quot;aperture&quot;:&quot;0&quot;,&quot;credit&quot;:&quot;&quot;,&quot;camera&quot;:&quot;&quot;,&quot;caption&quot;:&quot;&quot;,&quot;created_timestamp&quot;:&quot;0&quot;,&quot;copyright&quot;:&quot;&quot;,&quot;focal_length&quot;:&quot;0&quot;,&quot;iso&quot;:&quot;0&quot;,&quot;shutter_speed&quot;:&quot;0&quot;,&quot;title&quot;:&quot;&quot;,&quot;orientation&quot;:&quot;0&quot;}\" data-image-title=\"Kommoedchen-Crash.1.\" data-image-description=\"\" data-image-caption=\"\" data-large-file=\"https:\/\/i0.wp.com\/destille-duesseldorf.podcaster.de\/files\/2022\/09\/Kommoedchen-Crash.1..jpg?fit=474%2C711&amp;ssl=1\" data-attachment-id=\"853\" data-permalink=\"https:\/\/destille-duesseldorf.podcaster.de\/index.php\/maike-kuehl-bei-kultur-in-der-destille\/kommoedchen-crash-1\/\" data-orig-file=\"https:\/\/i0.wp.com\/destille-duesseldorf.podcaster.de\/files\/2022\/09\/Kommoedchen-Crash.1..jpg?fit=1000%2C1500&amp;ssl=1\" data-orig-size=\"1000,1500\" data-comments-opened=\"1\" data-image-meta=\"{&quot;aperture&quot;:&quot;0&quot;,&quot;credit&quot;:&quot;&quot;,&quot;camera&quot;:&quot;&quot;,&quot;caption&quot;:&quot;&quot;,&quot;created_timestamp&quot;:&quot;0&quot;,&quot;copyright&quot;:&quot;&quot;,&quot;focal_length&quot;:&quot;0&quot;,&quot;iso&quot;:&quot;0&quot;,&quot;shutter_speed&quot;:&quot;0&quot;,&quot;title&quot;:&quot;&quot;,&quot;orientation&quot;:&quot;0&quot;}\" data-image-title=\"Kommoedchen-Crash.1.\" data-image-description=\"\" data-image-caption=\"\" data-large-file=\"https:\/\/i0.wp.com\/destille-duesseldorf.podcaster.de\/files\/2022\/09\/Kommoedchen-Crash.1..jpg?fit=474%2C711&amp;ssl=1\" role=\"button\" tabindex=\"0\" aria-label=\"Bild\u00a04 von 7 im Vollbildmodus \u00f6ffnen\"srcset=\"https:\/\/i2.wp.com\/destille-duesseldorf.podcaster.de\/files\/2022\/09\/Kommoedchen-Crash.1.-683x1024.jpg?strip=info&#038;w=600 600w,https:\/\/i2.wp.com\/destille-duesseldorf.podcaster.de\/files\/2022\/09\/Kommoedchen-Crash.1.-683x1024.jpg?strip=info&#038;w=900 900w,https:\/\/i2.wp.com\/destille-duesseldorf.podcaster.de\/files\/2022\/09\/Kommoedchen-Crash.1.-683x1024.jpg?strip=info&#038;w=1000 1000w\" alt=\"\" data-height=\"1500\" data-id=\"853\" data-link=\"https:\/\/destille-duesseldorf.podcaster.de\/?attachment_id=853\" data-url=\"http:\/\/destille-duesseldorf.podcaster.de\/files\/2022\/09\/Kommoedchen-Crash.1.-683x1024.jpg\" data-width=\"1000\" src=\"https:\/\/i2.wp.com\/destille-duesseldorf.podcaster.de\/files\/2022\/09\/Kommoedchen-Crash.1.-683x1024.jpg\" data-amp-layout=\"responsive\" \/><\/figure><\/div><\/div><div class=\"tiled-gallery__row\"><div class=\"tiled-gallery__col\" style=\"flex-basis:64.37575%\"><figure class=\"tiled-gallery__item filter__clarendon\"><img decoding=\"async\" data-attachment-id=\"855\" data-permalink=\"https:\/\/destille-duesseldorf.podcaster.de\/index.php\/maike-kuehl-bei-kultur-in-der-destille\/komoedchen_pressefoto_bulli_1_stepfanwieland2022-e1643210979473-400x284\/\" data-orig-file=\"https:\/\/i0.wp.com\/destille-duesseldorf.podcaster.de\/files\/2022\/09\/Komoedchen_Pressefoto_Bulli_1_StepfanWieland2022-e1643210979473-400x284-1.jpg?fit=400%2C284&amp;ssl=1\" data-orig-size=\"400,284\" data-comments-opened=\"1\" data-image-meta=\"{&quot;aperture&quot;:&quot;6.3&quot;,&quot;credit&quot;:&quot;Bibi Debil \\u0026amp; Thorsten Porst&quot;,&quot;camera&quot;:&quot;Canon EOS R5&quot;,&quot;caption&quot;:&quot;Pressefoto zu \\rBULLI. Ein Sommerm\\u00e4rchen\\rEine Produktion des Kom(m)\\u00f6dchen D\\u00fcsseldorf 2022\\rDas Ensemble:\\rDaniel Graf, Maike K\\u00fchl, Martin Maier-Bode, Heiko Seidel&quot;,&quot;created_timestamp&quot;:&quot;1642601133&quot;,&quot;copyright&quot;:&quot;Bibi Debil \\u0026amp; Thorsten Porst&quot;,&quot;focal_length&quot;:&quot;85&quot;,&quot;iso&quot;:&quot;100&quot;,&quot;shutter_speed&quot;:&quot;0.01&quot;,&quot;title&quot;:&quot;&quot;,&quot;orientation&quot;:&quot;1&quot;}\" data-image-title=\"Komoedchen_Pressefoto_Bulli_1_StepfanWieland2022-e1643210979473-400&amp;#215;284\" data-image-description=\"\" data-image-caption=\"&lt;p&gt;Pressefoto zu&lt;br \/&gt;\nBULLI. Ein Sommerm\u00e4rchen&lt;br \/&gt;\nEine Produktion des Kom(m)\u00f6dchen D\u00fcsseldorf 2022&lt;br \/&gt;\nDas Ensemble:&lt;br \/&gt;\nDaniel Graf, Maike K\u00fchl, Martin Maier-Bode, Heiko Seidel&lt;\/p&gt;\n\" data-large-file=\"https:\/\/i0.wp.com\/destille-duesseldorf.podcaster.de\/files\/2022\/09\/Komoedchen_Pressefoto_Bulli_1_StepfanWieland2022-e1643210979473-400x284-1.jpg?fit=400%2C284&amp;ssl=1\" data-attachment-id=\"855\" data-permalink=\"https:\/\/destille-duesseldorf.podcaster.de\/index.php\/maike-kuehl-bei-kultur-in-der-destille\/komoedchen_pressefoto_bulli_1_stepfanwieland2022-e1643210979473-400x284\/\" data-orig-file=\"https:\/\/i0.wp.com\/destille-duesseldorf.podcaster.de\/files\/2022\/09\/Komoedchen_Pressefoto_Bulli_1_StepfanWieland2022-e1643210979473-400x284-1.jpg?fit=400%2C284&amp;ssl=1\" data-orig-size=\"400,284\" data-comments-opened=\"1\" data-image-meta=\"{&quot;aperture&quot;:&quot;6.3&quot;,&quot;credit&quot;:&quot;Bibi Debil \\u0026amp; Thorsten Porst&quot;,&quot;camera&quot;:&quot;Canon EOS R5&quot;,&quot;caption&quot;:&quot;Pressefoto zu \\rBULLI. Ein Sommerm\\u00e4rchen\\rEine Produktion des Kom(m)\\u00f6dchen D\\u00fcsseldorf 2022\\rDas Ensemble:\\rDaniel Graf, Maike K\\u00fchl, Martin Maier-Bode, Heiko Seidel&quot;,&quot;created_timestamp&quot;:&quot;1642601133&quot;,&quot;copyright&quot;:&quot;Bibi Debil \\u0026amp; Thorsten Porst&quot;,&quot;focal_length&quot;:&quot;85&quot;,&quot;iso&quot;:&quot;100&quot;,&quot;shutter_speed&quot;:&quot;0.01&quot;,&quot;title&quot;:&quot;&quot;,&quot;orientation&quot;:&quot;1&quot;}\" data-image-title=\"Komoedchen_Pressefoto_Bulli_1_StepfanWieland2022-e1643210979473-400&amp;#215;284\" data-image-description=\"\" data-image-caption=\"&lt;p&gt;Pressefoto zu&lt;br \/&gt;\nBULLI. Ein Sommerm\u00e4rchen&lt;br \/&gt;\nEine Produktion des Kom(m)\u00f6dchen D\u00fcsseldorf 2022&lt;br \/&gt;\nDas Ensemble:&lt;br \/&gt;\nDaniel Graf, Maike K\u00fchl, Martin Maier-Bode, Heiko Seidel&lt;\/p&gt;\n\" data-large-file=\"https:\/\/i0.wp.com\/destille-duesseldorf.podcaster.de\/files\/2022\/09\/Komoedchen_Pressefoto_Bulli_1_StepfanWieland2022-e1643210979473-400x284-1.jpg?fit=400%2C284&amp;ssl=1\" role=\"button\" tabindex=\"0\" aria-label=\"Bild\u00a05 von 7 im Vollbildmodus \u00f6ffnen\"srcset=\"https:\/\/i0.wp.com\/destille-duesseldorf.podcaster.de\/files\/2022\/09\/Komoedchen_Pressefoto_Bulli_1_StepfanWieland2022-e1643210979473-400x284-1.jpg?strip=info&#038;w=400 400w\" alt=\"\" data-height=\"284\" data-id=\"855\" data-link=\"https:\/\/destille-duesseldorf.podcaster.de\/?attachment_id=855\" data-url=\"http:\/\/destille-duesseldorf.podcaster.de\/files\/2022\/09\/Komoedchen_Pressefoto_Bulli_1_StepfanWieland2022-e1643210979473-400x284-1.jpg\" data-width=\"400\" src=\"https:\/\/i0.wp.com\/destille-duesseldorf.podcaster.de\/files\/2022\/09\/Komoedchen_Pressefoto_Bulli_1_StepfanWieland2022-e1643210979473-400x284-1.jpg\" data-amp-layout=\"responsive\" \/><\/figure><\/div><div class=\"tiled-gallery__col\" style=\"flex-basis:35.62425%\"><figure class=\"tiled-gallery__item filter__clarendon\"><img decoding=\"async\" data-attachment-id=\"854\" data-permalink=\"https:\/\/destille-duesseldorf.podcaster.de\/index.php\/maike-kuehl-bei-kultur-in-der-destille\/ensemble-montag-2-1000x667-1-400x284\/\" data-orig-file=\"https:\/\/i0.wp.com\/destille-duesseldorf.podcaster.de\/files\/2022\/09\/ensemble-montag-2-1000x667-1-400x284-1.jpg?fit=400%2C284&amp;ssl=1\" data-orig-size=\"400,284\" data-comments-opened=\"1\" data-image-meta=\"{&quot;aperture&quot;:&quot;0&quot;,&quot;credit&quot;:&quot;&quot;,&quot;camera&quot;:&quot;&quot;,&quot;caption&quot;:&quot;&quot;,&quot;created_timestamp&quot;:&quot;0&quot;,&quot;copyright&quot;:&quot;&quot;,&quot;focal_length&quot;:&quot;0&quot;,&quot;iso&quot;:&quot;0&quot;,&quot;shutter_speed&quot;:&quot;0&quot;,&quot;title&quot;:&quot;&quot;,&quot;orientation&quot;:&quot;0&quot;}\" data-image-title=\"ensemble-montag-2-1000&amp;#215;667-1-400&amp;#215;284\" data-image-description=\"\" data-image-caption=\"\" data-large-file=\"https:\/\/i0.wp.com\/destille-duesseldorf.podcaster.de\/files\/2022\/09\/ensemble-montag-2-1000x667-1-400x284-1.jpg?fit=400%2C284&amp;ssl=1\" data-attachment-id=\"854\" data-permalink=\"https:\/\/destille-duesseldorf.podcaster.de\/index.php\/maike-kuehl-bei-kultur-in-der-destille\/ensemble-montag-2-1000x667-1-400x284\/\" data-orig-file=\"https:\/\/i0.wp.com\/destille-duesseldorf.podcaster.de\/files\/2022\/09\/ensemble-montag-2-1000x667-1-400x284-1.jpg?fit=400%2C284&amp;ssl=1\" data-orig-size=\"400,284\" data-comments-opened=\"1\" data-image-meta=\"{&quot;aperture&quot;:&quot;0&quot;,&quot;credit&quot;:&quot;&quot;,&quot;camera&quot;:&quot;&quot;,&quot;caption&quot;:&quot;&quot;,&quot;created_timestamp&quot;:&quot;0&quot;,&quot;copyright&quot;:&quot;&quot;,&quot;focal_length&quot;:&quot;0&quot;,&quot;iso&quot;:&quot;0&quot;,&quot;shutter_speed&quot;:&quot;0&quot;,&quot;title&quot;:&quot;&quot;,&quot;orientation&quot;:&quot;0&quot;}\" data-image-title=\"ensemble-montag-2-1000&amp;#215;667-1-400&amp;#215;284\" data-image-description=\"\" data-image-caption=\"\" data-large-file=\"https:\/\/i0.wp.com\/destille-duesseldorf.podcaster.de\/files\/2022\/09\/ensemble-montag-2-1000x667-1-400x284-1.jpg?fit=400%2C284&amp;ssl=1\" role=\"button\" tabindex=\"0\" aria-label=\"Bild\u00a06 von 7 im Vollbildmodus \u00f6ffnen\"srcset=\"https:\/\/i2.wp.com\/destille-duesseldorf.podcaster.de\/files\/2022\/09\/ensemble-montag-2-1000x667-1-400x284-1.jpg?strip=info&#038;w=400 400w\" alt=\"\" data-height=\"284\" data-id=\"854\" data-link=\"https:\/\/destille-duesseldorf.podcaster.de\/?attachment_id=854\" data-url=\"http:\/\/destille-duesseldorf.podcaster.de\/files\/2022\/09\/ensemble-montag-2-1000x667-1-400x284-1.jpg\" data-width=\"400\" src=\"https:\/\/i2.wp.com\/destille-duesseldorf.podcaster.de\/files\/2022\/09\/ensemble-montag-2-1000x667-1-400x284-1.jpg\" data-amp-layout=\"responsive\" \/><\/figure><figure class=\"tiled-gallery__item filter__clarendon\"><img decoding=\"async\" data-attachment-id=\"852\" data-permalink=\"https:\/\/destille-duesseldorf.podcaster.de\/index.php\/maike-kuehl-bei-kultur-in-der-destille\/index4\/\" data-orig-file=\"https:\/\/i0.wp.com\/destille-duesseldorf.podcaster.de\/files\/2022\/09\/index4.jpg?fit=300%2C168&amp;ssl=1\" data-orig-size=\"300,168\" data-comments-opened=\"1\" data-image-meta=\"{&quot;aperture&quot;:&quot;0&quot;,&quot;credit&quot;:&quot;&quot;,&quot;camera&quot;:&quot;&quot;,&quot;caption&quot;:&quot;&quot;,&quot;created_timestamp&quot;:&quot;0&quot;,&quot;copyright&quot;:&quot;&quot;,&quot;focal_length&quot;:&quot;0&quot;,&quot;iso&quot;:&quot;0&quot;,&quot;shutter_speed&quot;:&quot;0&quot;,&quot;title&quot;:&quot;&quot;,&quot;orientation&quot;:&quot;0&quot;}\" data-image-title=\"index4\" data-image-description=\"\" data-image-caption=\"\" data-large-file=\"https:\/\/i0.wp.com\/destille-duesseldorf.podcaster.de\/files\/2022\/09\/index4.jpg?fit=300%2C168&amp;ssl=1\" data-attachment-id=\"852\" data-permalink=\"https:\/\/destille-duesseldorf.podcaster.de\/index.php\/maike-kuehl-bei-kultur-in-der-destille\/index4\/\" data-orig-file=\"https:\/\/i0.wp.com\/destille-duesseldorf.podcaster.de\/files\/2022\/09\/index4.jpg?fit=300%2C168&amp;ssl=1\" data-orig-size=\"300,168\" data-comments-opened=\"1\" data-image-meta=\"{&quot;aperture&quot;:&quot;0&quot;,&quot;credit&quot;:&quot;&quot;,&quot;camera&quot;:&quot;&quot;,&quot;caption&quot;:&quot;&quot;,&quot;created_timestamp&quot;:&quot;0&quot;,&quot;copyright&quot;:&quot;&quot;,&quot;focal_length&quot;:&quot;0&quot;,&quot;iso&quot;:&quot;0&quot;,&quot;shutter_speed&quot;:&quot;0&quot;,&quot;title&quot;:&quot;&quot;,&quot;orientation&quot;:&quot;0&quot;}\" data-image-title=\"index4\" data-image-description=\"\" data-image-caption=\"\" data-large-file=\"https:\/\/i0.wp.com\/destille-duesseldorf.podcaster.de\/files\/2022\/09\/index4.jpg?fit=300%2C168&amp;ssl=1\" role=\"button\" tabindex=\"0\" aria-label=\"Bild\u00a07 von 7 im Vollbildmodus \u00f6ffnen\"srcset=\"https:\/\/i0.wp.com\/destille-duesseldorf.podcaster.de\/files\/2022\/09\/index4.jpg?strip=info&#038;w=300 300w\" alt=\"\" data-height=\"168\" data-id=\"852\" data-link=\"https:\/\/destille-duesseldorf.podcaster.de\/?attachment_id=852\" data-url=\"http:\/\/destille-duesseldorf.podcaster.de\/files\/2022\/09\/index4.jpg\" data-width=\"300\" src=\"https:\/\/i0.wp.com\/destille-duesseldorf.podcaster.de\/files\/2022\/09\/index4.jpg\" data-amp-layout=\"responsive\" \/><\/figure><\/div><\/div><\/div><\/div>\n\n\n\n<hr class=\"wp-block-separator has-text-color has-black-color has-css-opacity has-black-background-color has-background is-style-wide\" \/>\n\n\n\n<div style=\"height:46px\" aria-hidden=\"true\" class=\"wp-block-spacer\"><\/div>\n\n\n\n<h4 class=\"wp-block-heading has-text-color has-large-font-size\" style=\"color:#2a5e20\"><strong>Hier noch ein musikalisches H\u00f6rbonbon von Maike K\u00fchl : &#8222;Mutter-Song&#8220;&#8230;<\/strong> <\/h4>\n\n\n\n<figure class=\"wp-block-audio\"><audio controls src=\"https:\/\/7sozwz.podcaster.de\/download\/Mutter-Song_01.wav\"><\/audio><\/figure>\n<\/div><\/div>\n\n\n\n<hr class=\"wp-block-separator has-text-color has-css-opacity has-background is-style-wide\" style=\"background-color:#993620;color:#993620\" \/>\n\n\n\n<hr class=\"wp-block-separator has-css-opacity\" \/>\n\n\n\n<hr class=\"wp-block-separator has-text-color has-black-color has-css-opacity has-black-background-color has-background is-style-wide\" \/>\n\n\n<p class=\"wp-block-site-tagline has-text-color has-white-color\">Der Podcast<\/p>\n\n\n<div class=\"wp-block-media-text alignwide has-media-on-the-right is-stacked-on-mobile is-image-fill\"><div class=\"wp-block-media-text__content\">\n<p class=\"has-light-gray-background-color has-text-color has-background has-medium-font-size\" style=\"color:#2d3659;font-style:italic;font-weight:600\">Zu Gast in unserem n\u00e4chsten Interview Drummer <span style=\"text-decoration: underline\">CHRISTIAN SCHR\u00d6DER<\/span><\/p>\n<\/div><figure class=\"wp-block-media-text__media\" style=\"background-image:url(https:\/\/destille-duesseldorf.podcaster.de\/files\/2022\/09\/christian-schroeder-600cbe3c.jpg);background-position:50% 50%\"><img data-recalc-dims=\"1\" loading=\"lazy\" decoding=\"async\" width=\"400\" height=\"400\" data-attachment-id=\"861\" data-permalink=\"https:\/\/destille-duesseldorf.podcaster.de\/index.php\/maike-kuehl-bei-kultur-in-der-destille\/christian-schroeder-600cbe3c\/\" data-orig-file=\"https:\/\/i0.wp.com\/destille-duesseldorf.podcaster.de\/files\/2022\/09\/christian-schroeder-600cbe3c.jpg?fit=400%2C400&amp;ssl=1\" data-orig-size=\"400,400\" data-comments-opened=\"1\" data-image-meta=\"{&quot;aperture&quot;:&quot;0&quot;,&quot;credit&quot;:&quot;&quot;,&quot;camera&quot;:&quot;&quot;,&quot;caption&quot;:&quot;&quot;,&quot;created_timestamp&quot;:&quot;0&quot;,&quot;copyright&quot;:&quot;&quot;,&quot;focal_length&quot;:&quot;0&quot;,&quot;iso&quot;:&quot;0&quot;,&quot;shutter_speed&quot;:&quot;0&quot;,&quot;title&quot;:&quot;&quot;,&quot;orientation&quot;:&quot;0&quot;}\" data-image-title=\"christian-schroeder-600cbe3c\" data-image-description=\"\" data-image-caption=\"\" data-large-file=\"https:\/\/i0.wp.com\/destille-duesseldorf.podcaster.de\/files\/2022\/09\/christian-schroeder-600cbe3c.jpg?fit=400%2C400&amp;ssl=1\" src=\"https:\/\/i0.wp.com\/destille-duesseldorf.podcaster.de\/files\/2022\/09\/christian-schroeder-600cbe3c.jpg?resize=400%2C400&#038;ssl=1\" alt=\"\" class=\"wp-image-861 size-full\" srcset=\"https:\/\/i0.wp.com\/destille-duesseldorf.podcaster.de\/files\/2022\/09\/christian-schroeder-600cbe3c.jpg?w=400&amp;ssl=1 400w, https:\/\/i0.wp.com\/destille-duesseldorf.podcaster.de\/files\/2022\/09\/christian-schroeder-600cbe3c.jpg?resize=300%2C300&amp;ssl=1 300w, https:\/\/i0.wp.com\/destille-duesseldorf.podcaster.de\/files\/2022\/09\/christian-schroeder-600cbe3c.jpg?resize=150%2C150&amp;ssl=1 150w\" sizes=\"auto, (max-width: 400px) 100vw, 400px\" \/><\/figure><\/div>\n\n\n\n<div style=\"height:101px\" aria-hidden=\"true\" class=\"wp-block-spacer\"><\/div>\n\n\n\n<p class=\"has-drop-cap has-text-color has-background\" style=\"color:#186981;background-color:#f5f5f5;font-size:17px\"><mark style=\"color:#428191\" class=\"has-inline-color\"><strong>Haben sie Fragen oder Anregungen? <\/strong><\/mark><strong><mark style=\"color:#428191\" class=\"has-inline-color\"><span style=\"text-decoration: underline\"><a rel=\"noreferrer noopener\" href=\"mailto:podcast.destille@vodafonemail.de\" target=\"_blank\">Senden Sie ihr Feedback<\/a><\/span> an Gerda Maibach und das Team unter folgender Adresse: <\/mark><\/strong><a href=\"mailto:podcast.destille@vodafonemail.de\"><em>podcast.destille@vodafonemail.de<\/em><\/a><\/p>\n","protected":false},"excerpt":{"rendered":"<p>t Zu Gast in der zw\u00f6lften Episode unseres Podcasts: MAIKE K\u00dcHL Schauspielerin, Kabarettistin, Journalistin a.D. \u201ethe one and only WOMANPOWER\u201c in the D\u00fcsseldorfer Kom(m)\u00f6dchen ist nicht mehr wegzudenken aus einem der wohl prominentesten Theater dieses Genres am Kay-und-Lore-Lorentz-Platz in D\u00fcsseldorf. Eine wahrhaft gute Wahl, die der Sohn der ber\u00fchmten Namensgeber des Platzes und 1947 Gr\u00fcnder &hellip; <a href=\"https:\/\/destille-duesseldorf.podcaster.de\/index.php\/maike-kuehl-bei-kultur-in-der-destille\/\" class=\"more-link\"><span class=\"screen-reader-text\">Maike K\u00fchl- bei Kultur in der Destille!<\/span> weiterlesen <span class=\"meta-nav\">&rarr;<\/span><\/a><\/p>\n","protected":false},"author":10784,"featured_media":859,"comment_status":"open","ping_status":"open","sticky":false,"template":"","format":"standard","meta":{"advanced_seo_description":"","jetpack_seo_html_title":"","jetpack_seo_noindex":false,"jetpack_post_was_ever_published":false,"_jetpack_newsletter_access":"","_jetpack_dont_email_post_to_subs":false,"_jetpack_newsletter_tier_id":0,"_jetpack_memberships_contains_paywalled_content":false,"_jetpack_memberships_contains_paid_content":false,"footnotes":""},"categories":[1],"tags":[9,10,11,34],"class_list":["post-843","post","type-post","status-publish","format-standard","has-post-thumbnail","hentry","category-podcast","tag-corona","tag-destille","tag-duesseldorf","tag-featured"],"jetpack_featured_media_url":"https:\/\/i0.wp.com\/destille-duesseldorf.podcaster.de\/files\/2022\/09\/Maike-Kuehl-9.jpg?fit=1080%2C810&ssl=1","jetpack_shortlink":"https:\/\/wp.me\/pcLZEQ-dB","jetpack_sharing_enabled":true,"jetpack_likes_enabled":true,"_links":{"self":[{"href":"https:\/\/destille-duesseldorf.podcaster.de\/index.php\/wp-json\/wp\/v2\/posts\/843","targetHints":{"allow":["GET"]}}],"collection":[{"href":"https:\/\/destille-duesseldorf.podcaster.de\/index.php\/wp-json\/wp\/v2\/posts"}],"about":[{"href":"https:\/\/destille-duesseldorf.podcaster.de\/index.php\/wp-json\/wp\/v2\/types\/post"}],"author":[{"embeddable":true,"href":"https:\/\/destille-duesseldorf.podcaster.de\/index.php\/wp-json\/wp\/v2\/users\/10784"}],"replies":[{"embeddable":true,"href":"https:\/\/destille-duesseldorf.podcaster.de\/index.php\/wp-json\/wp\/v2\/comments?post=843"}],"version-history":[{"count":10,"href":"https:\/\/destille-duesseldorf.podcaster.de\/index.php\/wp-json\/wp\/v2\/posts\/843\/revisions"}],"predecessor-version":[{"id":982,"href":"https:\/\/destille-duesseldorf.podcaster.de\/index.php\/wp-json\/wp\/v2\/posts\/843\/revisions\/982"}],"wp:featuredmedia":[{"embeddable":true,"href":"https:\/\/destille-duesseldorf.podcaster.de\/index.php\/wp-json\/wp\/v2\/media\/859"}],"wp:attachment":[{"href":"https:\/\/destille-duesseldorf.podcaster.de\/index.php\/wp-json\/wp\/v2\/media?parent=843"}],"wp:term":[{"taxonomy":"category","embeddable":true,"href":"https:\/\/destille-duesseldorf.podcaster.de\/index.php\/wp-json\/wp\/v2\/categories?post=843"},{"taxonomy":"post_tag","embeddable":true,"href":"https:\/\/destille-duesseldorf.podcaster.de\/index.php\/wp-json\/wp\/v2\/tags?post=843"}],"curies":[{"name":"wp","href":"https:\/\/api.w.org\/{rel}","templated":true}]}}